{"id":593,"date":"2017-07-25T09:13:31","date_gmt":"2017-07-25T07:13:31","guid":{"rendered":"https:\/\/zettransport.com\/?p=593\/"},"modified":"2017-07-25T09:13:31","modified_gmt":"2017-07-25T07:13:31","slug":"zet-transport-pomaga-wlaczyc-myslenie","status":"publish","type":"post","link":"https:\/\/zettransport.com\/en\/zet-transport-pomaga-wlaczyc-myslenie\/","title":{"rendered":"ZET Transport pomaga &#8220;W\u0142\u0105czy\u0107 my\u015blenie&#8221;"},"content":{"rendered":"<p>Celem projektu jest popularyzowanie postawy przedsi\u0119biorczo\u015bci oraz inspirowanie do samodzielnego dzia\u0142ania m\u0142odzie\u017cy maj\u0105cej wej\u015b\u0107 niebawem na rynek pracy.<\/p>\n<p>Organizatorzy zaprosili do wsp\u00f3\u0142pracy s\u0105deckich przedsi\u0119biorc\u00f3w, kt\u00f3rzy dziel\u0105 si\u0119 swoj\u0105 wiedz\u0105 i do\u015bwiadczeniami\u00a0 w trakcie teoretycznych wyk\u0142ad\u00f3w w auli WSB oraz organizowanych w firmach warsztat\u00f3w praktycznych dla najbardziej zainteresowanych uczestnik\u00f3w.<\/p>\n<p>Prezes naszej Firmy poprowadzi\u0142 w tej edycji wyk\u0142ad po\u015bwi\u0119cony bran\u017cy TSL, przybli\u017caj\u0105c m\u0142odzie\u017cy jej specyfik\u0119 oraz zalety jako przestrzeni do realizacji w\u0142asnych przedsi\u0119wzi\u0119\u0107 i pomys\u0142\u00f3w biznesowych. Spo\u015br\u00f3d 409 uczestnik\u00f3w wyk\u0142adu, a\u017c 91 zadeklarowa\u0142o ch\u0119\u0107 odbycia warsztat\u00f3w w siedzibie firmy. W minion\u0105 sobot\u0119 odby\u0142y si\u0119 dwa pierwsze spotkania. M\u0142odzie\u017c wzi\u0119\u0142a udzia\u0142 w grze edukacyjnej, pomagaj\u0105cej zrozumie\u0107 zasady rz\u0105dz\u0105ce firm\u0105 transportow\u0105, zapozna\u0142a si\u0119 z podstawowymi narz\u0119dziami informatycznymi wykorzystywanymi przez spedytor\u00f3w w codziennej pracy oraz odby\u0142a wycieczk\u0119 po bazie, ogl\u0105daj\u0105c mi\u0119dzy innymi najnowsze ci\u0105gniki floty ZET Transport.<\/p>\n<p>Zapraszamy r\u00f3wnie\u017c do zapoznania si\u0119 z relacj\u0105 w serwisie internetowym Urz\u0119du Miasta:<\/p>\n<p>http:\/\/www.nowysacz.pl\/na-czasie\/11828<\/p>\n","protected":false},"excerpt":{"rendered":"<p>Ju\u017c po raz trzeci Prezes ZET Transport Jan Za\u0142ubski  w\u0142\u0105czy\u0142 si\u0119 w realizacj\u0119 organizowanego przez Urz\u0105d Miasta projektu edukacyjnego dla m\u0142odzie\u017cy \u201eW\u0142\u0105cz my\u015blenie. Postaw na przedsi\u0119biorczo\u015b\u0107\u201d<\/p>\n","protected":false},"author":1,"featured_media":0,"comment_status":"closed","ping_status":"closed","sticky":false,"template":"","format":"standard","meta":{"inline_featured_image":false,"_mi_skip_tracking":false},"categories":[2],"tags":[],"acf":[],"yoast_head":"<!-- This site is optimized with the Yoast SEO plugin v19.7.1 - https:\/\/yoast.com\/wordpress\/plugins\/seo\/ -->\n<title>ZET Transport pomaga &quot;W\u0142\u0105czy\u0107 my\u015blenie&quot; - Zettransport<\/title>\n<meta name=\"robots\" content=\"index, follow, max-snippet:-1, max-image-preview:large, max-video-preview:-1\" \/>\n<link rel=\"canonical\" href=\"https:\/\/zettransport.com\/en\/zet-transport-pomaga-wlaczyc-myslenie\/\" \/>\n<meta property=\"og:locale\" content=\"en_US\" \/>\n<meta property=\"og:type\" content=\"article\" \/>\n<meta property=\"og:title\" content=\"ZET Transport pomaga &quot;W\u0142\u0105czy\u0107 my\u015blenie&quot; - Zettransport\" \/>\n<meta property=\"og:description\" content=\"Ju\u017c po raz trzeci Prezes ZET Transport Jan Za\u0142ubski w\u0142\u0105czy\u0142 si\u0119 w realizacj\u0119 organizowanego przez Urz\u0105d Miasta projektu edukacyjnego dla m\u0142odzie\u017cy \u201eW\u0142\u0105cz my\u015blenie. Postaw na przedsi\u0119biorczo\u015b\u0107\u201d\" \/>\n<meta property=\"og:url\" content=\"https:\/\/zettransport.com\/en\/zet-transport-pomaga-wlaczyc-myslenie\/\" \/>\n<meta property=\"og:site_name\" content=\"Zettransport\" \/>\n<meta property=\"article:published_time\" content=\"2017-07-25T07:13:31+00:00\" \/>\n<meta name=\"author\" content=\"webidea\" \/>\n<meta name=\"twitter:card\" content=\"summary\" \/>\n<meta name=\"twitter:label1\" content=\"Written by\" \/>\n\t<meta name=\"twitter:data1\" content=\"webidea\" \/>\n\t<meta name=\"twitter:label2\" content=\"Est. reading time\" \/>\n\t<meta name=\"twitter:data2\" content=\"1 minute\" \/>\n<script type=\"application\/ld+json\" class=\"yoast-schema-graph\">{\"@context\":\"https:\/\/schema.org\",\"@graph\":[{\"@type\":\"WebPage\",\"@id\":\"https:\/\/zettransport.com\/en\/zet-transport-pomaga-wlaczyc-myslenie\/\",\"url\":\"https:\/\/zettransport.com\/en\/zet-transport-pomaga-wlaczyc-myslenie\/\",\"name\":\"ZET Transport pomaga \\\"W\u0142\u0105czy\u0107 my\u015blenie\\\" - Zettransport\",\"isPartOf\":{\"@id\":\"https:\/\/zettransport.com\/#website\"},\"datePublished\":\"2017-07-25T07:13:31+00:00\",\"dateModified\":\"2017-07-25T07:13:31+00:00\",\"author\":{\"@id\":\"https:\/\/zettransport.com\/#\/schema\/person\/4a8ba36da2809230204d03dd99efef46\"},\"breadcrumb\":{\"@id\":\"https:\/\/zettransport.com\/en\/zet-transport-pomaga-wlaczyc-myslenie\/#breadcrumb\"},\"inLanguage\":\"en-US\",\"potentialAction\":[{\"@type\":\"ReadAction\",\"target\":[\"https:\/\/zettransport.com\/en\/zet-transport-pomaga-wlaczyc-myslenie\/\"]}]},{\"@type\":\"BreadcrumbList\",\"@id\":\"https:\/\/zettransport.com\/en\/zet-transport-pomaga-wlaczyc-myslenie\/#breadcrumb\",\"itemListElement\":[{\"@type\":\"ListItem\",\"position\":1,\"name\":\"Strona g\u0142\u00f3wna\",\"item\":\"https:\/\/zettransport.com\/en\/\"},{\"@type\":\"ListItem\",\"position\":2,\"name\":\"News archive\",\"item\":\"https:\/\/zettransport.com\/en\/category\/archives\/\"},{\"@type\":\"ListItem\",\"position\":3,\"name\":\"ZET Transport pomaga &#8220;W\u0142\u0105czy\u0107 my\u015blenie&#8221;\"}]},{\"@type\":\"WebSite\",\"@id\":\"https:\/\/zettransport.com\/#website\",\"url\":\"https:\/\/zettransport.com\/\",\"name\":\"Zettransport\",\"description\":\"Your logistic partner\",\"potentialAction\":[{\"@type\":\"SearchAction\",\"target\":{\"@type\":\"EntryPoint\",\"urlTemplate\":\"https:\/\/zettransport.com\/?s={search_term_string}\"},\"query-input\":\"required name=search_term_string\"}],\"inLanguage\":\"en-US\"},{\"@type\":\"Person\",\"@id\":\"https:\/\/zettransport.com\/#\/schema\/person\/4a8ba36da2809230204d03dd99efef46\",\"name\":\"webidea\",\"image\":{\"@type\":\"ImageObject\",\"inLanguage\":\"en-US\",\"@id\":\"https:\/\/zettransport.com\/#\/schema\/person\/image\/\",\"url\":\"https:\/\/secure.gravatar.com\/avatar\/b0767d7e9f4dfab984a9f57b5fbe0c31?s=96&d=mm&r=g\",\"contentUrl\":\"https:\/\/secure.gravatar.com\/avatar\/b0767d7e9f4dfab984a9f57b5fbe0c31?s=96&d=mm&r=g\",\"caption\":\"webidea\"},\"url\":\"https:\/\/zettransport.com\/en\/author\/webidea\/\"}]}<\/script>\n<!-- \/ Yoast SEO plugin. -->","yoast_head_json":{"title":"ZET Transport pomaga \"W\u0142\u0105czy\u0107 my\u015blenie\" - Zettransport","robots":{"index":"index","follow":"follow","max-snippet":"max-snippet:-1","max-image-preview":"max-image-preview:large","max-video-preview":"max-video-preview:-1"},"canonical":"https:\/\/zettransport.com\/en\/zet-transport-pomaga-wlaczyc-myslenie\/","og_locale":"en_US","og_type":"article","og_title":"ZET Transport pomaga \"W\u0142\u0105czy\u0107 my\u015blenie\" - Zettransport","og_description":"Ju\u017c po raz trzeci Prezes ZET Transport Jan Za\u0142ubski w\u0142\u0105czy\u0142 si\u0119 w realizacj\u0119 organizowanego przez Urz\u0105d Miasta projektu edukacyjnego dla m\u0142odzie\u017cy \u201eW\u0142\u0105cz my\u015blenie. Postaw na przedsi\u0119biorczo\u015b\u0107\u201d","og_url":"https:\/\/zettransport.com\/en\/zet-transport-pomaga-wlaczyc-myslenie\/","og_site_name":"Zettransport","article_published_time":"2017-07-25T07:13:31+00:00","author":"webidea","twitter_card":"summary","twitter_misc":{"Written by":"webidea","Est. reading time":"1 minute"},"schema":{"@context":"https:\/\/schema.org","@graph":[{"@type":"WebPage","@id":"https:\/\/zettransport.com\/en\/zet-transport-pomaga-wlaczyc-myslenie\/","url":"https:\/\/zettransport.com\/en\/zet-transport-pomaga-wlaczyc-myslenie\/","name":"ZET Transport pomaga \"W\u0142\u0105czy\u0107 my\u015blenie\" - Zettransport","isPartOf":{"@id":"https:\/\/zettransport.com\/#website"},"datePublished":"2017-07-25T07:13:31+00:00","dateModified":"2017-07-25T07:13:31+00:00","author":{"@id":"https:\/\/zettransport.com\/#\/schema\/person\/4a8ba36da2809230204d03dd99efef46"},"breadcrumb":{"@id":"https:\/\/zettransport.com\/en\/zet-transport-pomaga-wlaczyc-myslenie\/#breadcrumb"},"inLanguage":"en-US","potentialAction":[{"@type":"ReadAction","target":["https:\/\/zettransport.com\/en\/zet-transport-pomaga-wlaczyc-myslenie\/"]}]},{"@type":"BreadcrumbList","@id":"https:\/\/zettransport.com\/en\/zet-transport-pomaga-wlaczyc-myslenie\/#breadcrumb","itemListElement":[{"@type":"ListItem","position":1,"name":"Strona g\u0142\u00f3wna","item":"https:\/\/zettransport.com\/en\/"},{"@type":"ListItem","position":2,"name":"News archive","item":"https:\/\/zettransport.com\/en\/category\/archives\/"},{"@type":"ListItem","position":3,"name":"ZET Transport pomaga &#8220;W\u0142\u0105czy\u0107 my\u015blenie&#8221;"}]},{"@type":"WebSite","@id":"https:\/\/zettransport.com\/#website","url":"https:\/\/zettransport.com\/","name":"Zettransport","description":"Your logistic partner","potentialAction":[{"@type":"SearchAction","target":{"@type":"EntryPoint","urlTemplate":"https:\/\/zettransport.com\/?s={search_term_string}"},"query-input":"required name=search_term_string"}],"inLanguage":"en-US"},{"@type":"Person","@id":"https:\/\/zettransport.com\/#\/schema\/person\/4a8ba36da2809230204d03dd99efef46","name":"webidea","image":{"@type":"ImageObject","inLanguage":"en-US","@id":"https:\/\/zettransport.com\/#\/schema\/person\/image\/","url":"https:\/\/secure.gravatar.com\/avatar\/b0767d7e9f4dfab984a9f57b5fbe0c31?s=96&d=mm&r=g","contentUrl":"https:\/\/secure.gravatar.com\/avatar\/b0767d7e9f4dfab984a9f57b5fbe0c31?s=96&d=mm&r=g","caption":"webidea"},"url":"https:\/\/zettransport.com\/en\/author\/webidea\/"}]}},"_links":{"self":[{"href":"https:\/\/zettransport.com\/en\/wp-json\/wp\/v2\/posts\/593"}],"collection":[{"href":"https:\/\/zettransport.com\/en\/wp-json\/wp\/v2\/posts"}],"about":[{"href":"https:\/\/zettransport.com\/en\/wp-json\/wp\/v2\/types\/post"}],"author":[{"embeddable":true,"href":"https:\/\/zettransport.com\/en\/wp-json\/wp\/v2\/users\/1"}],"replies":[{"embeddable":true,"href":"https:\/\/zettransport.com\/en\/wp-json\/wp\/v2\/comments?post=593"}],"version-history":[{"count":1,"href":"https:\/\/zettransport.com\/en\/wp-json\/wp\/v2\/posts\/593\/revisions"}],"predecessor-version":[{"id":594,"href":"https:\/\/zettransport.com\/en\/wp-json\/wp\/v2\/posts\/593\/revisions\/594"}],"wp:attachment":[{"href":"https:\/\/zettransport.com\/en\/wp-json\/wp\/v2\/media?parent=593"}],"wp:term":[{"taxonomy":"category","embeddable":true,"href":"https:\/\/zettransport.com\/en\/wp-json\/wp\/v2\/categories?post=593"},{"taxonomy":"post_tag","embeddable":true,"href":"https:\/\/zettransport.com\/en\/wp-json\/wp\/v2\/tags?post=593"}],"curies":[{"name":"wp","href":"https:\/\/api.w.org\/{rel}","templated":true}]}}