{"id":607,"date":"2017-07-25T09:24:52","date_gmt":"2017-07-25T07:24:52","guid":{"rendered":"https:\/\/zettransport.com\/?p=607\/"},"modified":"2017-07-25T09:25:55","modified_gmt":"2017-07-25T07:25:55","slug":"zet-transport-ambasadorem-marki-volvo-trucks-3","status":"publish","type":"post","link":"https:\/\/zettransport.com\/en\/zet-transport-ambasadorem-marki-volvo-trucks-3\/","title":{"rendered":"ZET Transport &#8211; Ambasadorem marki Volvo Trucks"},"content":{"rendered":"<p>Klub Ambasadora Volvo Trucks w Polsce to unikatowy program, kt\u00f3ry w za\u0142o\u017ceniach ma skupia\u0107 w\u0105skie grono zaledwie kilkunastu profesjonalist\u00f3w z bran\u017cy transportowej najbardziej zwi\u0105zanych z mark\u0105 Volvo Trucks w naszym kraju, b\u0119d\u0105cych jednocze\u015bnie liderami bran\u017cy i tworz\u0105cych solidne filary polskiego transportu.<\/p>\n<p>Odbieramy to r\u00f3wnie\u017c jako potwierdzenie i uhonorowanie wieloletnich dobrych relacji z Volvo Trucks Polska.<\/p>\n<p><img loading=\"lazy\" class=\"aligncenter wp-image-384 size-full\" src=\"https:\/\/zettransport.com\/wp-content\/uploads\/2015\/09\/10_1.jpg\" width=\"570\" height=\"754\" srcset=\"https:\/\/zettransport.com\/wp-content\/uploads\/2015\/09\/10_1.jpg 570w, https:\/\/zettransport.com\/wp-content\/uploads\/2015\/09\/10_1-227x300.jpg 227w\" sizes=\"(max-width: 570px) 100vw, 570px\" \/><\/p>\n","protected":false},"excerpt":{"rendered":"<p>Mi\u0142o nam poinformowa\u0107, \u017ce w dniu 18 wrze\u015bnia br. Prezes Zarz\u0105du ZET Transport Jan Za\u0142ubski odebra\u0142 certyfikat potwierdzaj\u0105cy nadanie tytu\u0142u Ambasadora marki Volvo Trucks w Polsce. Tytu\u0142 ten wi\u0105\u017ce si\u0119 jednocze\u015bnie z cz\u0142onkostwem w Radzie Ambasador\u00f3w Volvo Trucks w Polsce w roku 2015\/16.<\/p>\n","protected":false},"author":1,"featured_media":384,"comment_status":"closed","ping_status":"closed","sticky":false,"template":"","format":"standard","meta":{"inline_featured_image":false,"_mi_skip_tracking":false},"categories":[2],"tags":[],"acf":[],"yoast_head":"<!-- This site is optimized with the Yoast SEO plugin v19.7.1 - https:\/\/yoast.com\/wordpress\/plugins\/seo\/ -->\n<title>ZET Transport - Ambasadorem marki Volvo Trucks - Zettransport<\/title>\n<meta name=\"robots\" content=\"index, follow, max-snippet:-1, max-image-preview:large, max-video-preview:-1\" \/>\n<link rel=\"canonical\" href=\"https:\/\/zettransport.com\/en\/zet-transport-ambasadorem-marki-volvo-trucks-3\/\" \/>\n<meta property=\"og:locale\" content=\"en_US\" \/>\n<meta property=\"og:type\" content=\"article\" \/>\n<meta property=\"og:title\" content=\"ZET Transport - Ambasadorem marki Volvo Trucks - Zettransport\" \/>\n<meta property=\"og:description\" content=\"Mi\u0142o nam poinformowa\u0107, \u017ce w dniu 18 wrze\u015bnia br. Prezes Zarz\u0105du ZET Transport Jan Za\u0142ubski odebra\u0142 certyfikat potwierdzaj\u0105cy nadanie tytu\u0142u Ambasadora marki Volvo Trucks w Polsce. Tytu\u0142 ten wi\u0105\u017ce si\u0119 jednocze\u015bnie z cz\u0142onkostwem w Radzie Ambasador\u00f3w Volvo Trucks w Polsce w roku 2015\/16.\" \/>\n<meta property=\"og:url\" content=\"https:\/\/zettransport.com\/en\/zet-transport-ambasadorem-marki-volvo-trucks-3\/\" \/>\n<meta property=\"og:site_name\" content=\"Zettransport\" \/>\n<meta property=\"article:published_time\" content=\"2017-07-25T07:24:52+00:00\" \/>\n<meta property=\"article:modified_time\" content=\"2017-07-25T07:25:55+00:00\" \/>\n<meta property=\"og:image\" content=\"https:\/\/zettransport.com\/wp-content\/uploads\/2015\/09\/10_1.jpg\" \/>\n\t<meta property=\"og:image:width\" content=\"570\" \/>\n\t<meta property=\"og:image:height\" content=\"754\" \/>\n\t<meta property=\"og:image:type\" content=\"image\/jpeg\" \/>\n<meta name=\"author\" content=\"webidea\" \/>\n<meta name=\"twitter:card\" content=\"summary\" \/>\n<meta name=\"twitter:label1\" content=\"Written by\" \/>\n\t<meta name=\"twitter:data1\" content=\"webidea\" \/>\n<script type=\"application\/ld+json\" class=\"yoast-schema-graph\">{\"@context\":\"https:\/\/schema.org\",\"@graph\":[{\"@type\":\"WebPage\",\"@id\":\"https:\/\/zettransport.com\/en\/zet-transport-ambasadorem-marki-volvo-trucks-3\/\",\"url\":\"https:\/\/zettransport.com\/en\/zet-transport-ambasadorem-marki-volvo-trucks-3\/\",\"name\":\"ZET Transport - Ambasadorem marki Volvo Trucks - Zettransport\",\"isPartOf\":{\"@id\":\"https:\/\/zettransport.com\/#website\"},\"datePublished\":\"2017-07-25T07:24:52+00:00\",\"dateModified\":\"2017-07-25T07:25:55+00:00\",\"author\":{\"@id\":\"https:\/\/zettransport.com\/#\/schema\/person\/4a8ba36da2809230204d03dd99efef46\"},\"breadcrumb\":{\"@id\":\"https:\/\/zettransport.com\/en\/zet-transport-ambasadorem-marki-volvo-trucks-3\/#breadcrumb\"},\"inLanguage\":\"en-US\",\"potentialAction\":[{\"@type\":\"ReadAction\",\"target\":[\"https:\/\/zettransport.com\/en\/zet-transport-ambasadorem-marki-volvo-trucks-3\/\"]}]},{\"@type\":\"BreadcrumbList\",\"@id\":\"https:\/\/zettransport.com\/en\/zet-transport-ambasadorem-marki-volvo-trucks-3\/#breadcrumb\",\"itemListElement\":[{\"@type\":\"ListItem\",\"position\":1,\"name\":\"Strona g\u0142\u00f3wna\",\"item\":\"https:\/\/zettransport.com\/en\/\"},{\"@type\":\"ListItem\",\"position\":2,\"name\":\"News archive\",\"item\":\"https:\/\/zettransport.com\/en\/category\/archives\/\"},{\"@type\":\"ListItem\",\"position\":3,\"name\":\"ZET Transport &#8211; Ambasadorem marki Volvo Trucks\"}]},{\"@type\":\"WebSite\",\"@id\":\"https:\/\/zettransport.com\/#website\",\"url\":\"https:\/\/zettransport.com\/\",\"name\":\"Zettransport\",\"description\":\"Your logistic partner\",\"potentialAction\":[{\"@type\":\"SearchAction\",\"target\":{\"@type\":\"EntryPoint\",\"urlTemplate\":\"https:\/\/zettransport.com\/?s={search_term_string}\"},\"query-input\":\"required name=search_term_string\"}],\"inLanguage\":\"en-US\"},{\"@type\":\"Person\",\"@id\":\"https:\/\/zettransport.com\/#\/schema\/person\/4a8ba36da2809230204d03dd99efef46\",\"name\":\"webidea\",\"image\":{\"@type\":\"ImageObject\",\"inLanguage\":\"en-US\",\"@id\":\"https:\/\/zettransport.com\/#\/schema\/person\/image\/\",\"url\":\"https:\/\/secure.gravatar.com\/avatar\/b0767d7e9f4dfab984a9f57b5fbe0c31?s=96&d=mm&r=g\",\"contentUrl\":\"https:\/\/secure.gravatar.com\/avatar\/b0767d7e9f4dfab984a9f57b5fbe0c31?s=96&d=mm&r=g\",\"caption\":\"webidea\"},\"url\":\"https:\/\/zettransport.com\/en\/author\/webidea\/\"}]}<\/script>\n<!-- \/ Yoast SEO plugin. -->","yoast_head_json":{"title":"ZET Transport - Ambasadorem marki Volvo Trucks - Zettransport","robots":{"index":"index","follow":"follow","max-snippet":"max-snippet:-1","max-image-preview":"max-image-preview:large","max-video-preview":"max-video-preview:-1"},"canonical":"https:\/\/zettransport.com\/en\/zet-transport-ambasadorem-marki-volvo-trucks-3\/","og_locale":"en_US","og_type":"article","og_title":"ZET Transport - Ambasadorem marki Volvo Trucks - Zettransport","og_description":"Mi\u0142o nam poinformowa\u0107, \u017ce w dniu 18 wrze\u015bnia br. Prezes Zarz\u0105du ZET Transport Jan Za\u0142ubski odebra\u0142 certyfikat potwierdzaj\u0105cy nadanie tytu\u0142u Ambasadora marki Volvo Trucks w Polsce. Tytu\u0142 ten wi\u0105\u017ce si\u0119 jednocze\u015bnie z cz\u0142onkostwem w Radzie Ambasador\u00f3w Volvo Trucks w Polsce w roku 2015\/16.","og_url":"https:\/\/zettransport.com\/en\/zet-transport-ambasadorem-marki-volvo-trucks-3\/","og_site_name":"Zettransport","article_published_time":"2017-07-25T07:24:52+00:00","article_modified_time":"2017-07-25T07:25:55+00:00","og_image":[{"width":570,"height":754,"url":"https:\/\/zettransport.com\/wp-content\/uploads\/2015\/09\/10_1.jpg","type":"image\/jpeg"}],"author":"webidea","twitter_card":"summary","twitter_misc":{"Written by":"webidea"},"schema":{"@context":"https:\/\/schema.org","@graph":[{"@type":"WebPage","@id":"https:\/\/zettransport.com\/en\/zet-transport-ambasadorem-marki-volvo-trucks-3\/","url":"https:\/\/zettransport.com\/en\/zet-transport-ambasadorem-marki-volvo-trucks-3\/","name":"ZET Transport - Ambasadorem marki Volvo Trucks - Zettransport","isPartOf":{"@id":"https:\/\/zettransport.com\/#website"},"datePublished":"2017-07-25T07:24:52+00:00","dateModified":"2017-07-25T07:25:55+00:00","author":{"@id":"https:\/\/zettransport.com\/#\/schema\/person\/4a8ba36da2809230204d03dd99efef46"},"breadcrumb":{"@id":"https:\/\/zettransport.com\/en\/zet-transport-ambasadorem-marki-volvo-trucks-3\/#breadcrumb"},"inLanguage":"en-US","potentialAction":[{"@type":"ReadAction","target":["https:\/\/zettransport.com\/en\/zet-transport-ambasadorem-marki-volvo-trucks-3\/"]}]},{"@type":"BreadcrumbList","@id":"https:\/\/zettransport.com\/en\/zet-transport-ambasadorem-marki-volvo-trucks-3\/#breadcrumb","itemListElement":[{"@type":"ListItem","position":1,"name":"Strona g\u0142\u00f3wna","item":"https:\/\/zettransport.com\/en\/"},{"@type":"ListItem","position":2,"name":"News archive","item":"https:\/\/zettransport.com\/en\/category\/archives\/"},{"@type":"ListItem","position":3,"name":"ZET Transport &#8211; Ambasadorem marki Volvo Trucks"}]},{"@type":"WebSite","@id":"https:\/\/zettransport.com\/#website","url":"https:\/\/zettransport.com\/","name":"Zettransport","description":"Your logistic partner","potentialAction":[{"@type":"SearchAction","target":{"@type":"EntryPoint","urlTemplate":"https:\/\/zettransport.com\/?s={search_term_string}"},"query-input":"required name=search_term_string"}],"inLanguage":"en-US"},{"@type":"Person","@id":"https:\/\/zettransport.com\/#\/schema\/person\/4a8ba36da2809230204d03dd99efef46","name":"webidea","image":{"@type":"ImageObject","inLanguage":"en-US","@id":"https:\/\/zettransport.com\/#\/schema\/person\/image\/","url":"https:\/\/secure.gravatar.com\/avatar\/b0767d7e9f4dfab984a9f57b5fbe0c31?s=96&d=mm&r=g","contentUrl":"https:\/\/secure.gravatar.com\/avatar\/b0767d7e9f4dfab984a9f57b5fbe0c31?s=96&d=mm&r=g","caption":"webidea"},"url":"https:\/\/zettransport.com\/en\/author\/webidea\/"}]}},"_links":{"self":[{"href":"https:\/\/zettransport.com\/en\/wp-json\/wp\/v2\/posts\/607"}],"collection":[{"href":"https:\/\/zettransport.com\/en\/wp-json\/wp\/v2\/posts"}],"about":[{"href":"https:\/\/zettransport.com\/en\/wp-json\/wp\/v2\/types\/post"}],"author":[{"embeddable":true,"href":"https:\/\/zettransport.com\/en\/wp-json\/wp\/v2\/users\/1"}],"replies":[{"embeddable":true,"href":"https:\/\/zettransport.com\/en\/wp-json\/wp\/v2\/comments?post=607"}],"version-history":[{"count":1,"href":"https:\/\/zettransport.com\/en\/wp-json\/wp\/v2\/posts\/607\/revisions"}],"predecessor-version":[{"id":608,"href":"https:\/\/zettransport.com\/en\/wp-json\/wp\/v2\/posts\/607\/revisions\/608"}],"wp:featuredmedia":[{"embeddable":true,"href":"https:\/\/zettransport.com\/en\/wp-json\/wp\/v2\/media\/384"}],"wp:attachment":[{"href":"https:\/\/zettransport.com\/en\/wp-json\/wp\/v2\/media?parent=607"}],"wp:term":[{"taxonomy":"category","embeddable":true,"href":"https:\/\/zettransport.com\/en\/wp-json\/wp\/v2\/categories?post=607"},{"taxonomy":"post_tag","embeddable":true,"href":"https:\/\/zettransport.com\/en\/wp-json\/wp\/v2\/tags?post=607"}],"curies":[{"name":"wp","href":"https:\/\/api.w.org\/{rel}","templated":true}]}}